{"id":1915,"date":"2022-02-18T20:09:17","date_gmt":"2022-02-18T18:09:17","guid":{"rendered":"http:\/\/www.tissot-architecture.ch\/?p=1915"},"modified":"2022-03-04T15:43:42","modified_gmt":"2022-03-04T13:43:42","slug":"villa-boschi-cormier-2020","status":"publish","type":"post","link":"https:\/\/www.tissot-architecture.ch\/?p=1915","title":{"rendered":"Villa Boschi Cormier (2020)"},"content":{"rendered":"<h4>SITUATION<\/h4>\n<p>Cette villa familiale individuelle en ossature bois et rev\u00eatement en lames en sapin vernies brun-noir se trouve sur une petite parcelle cr\u00e9e \u00e0 cheval sur 2 parcelles existantes et situ\u00e9e \u00e0 Cousset dans un quartier de villa bordant la route communale menant \u00e0 Corcelles-pr\u00e8s-Payerne.<\/p>\n<p>Malgr\u00e9 l\u2019exigu\u00eft\u00e9 du lieu, les nouveaux propri\u00e9taires b\u00e9n\u00e9ficient d\u2019un ensoleillement g\u00e9n\u00e9reux gr\u00e2ce \u00e0 la grande baie vitr\u00e9e du s\u00e9jour c\u00f4t\u00e9 S-O et d\u2019une tr\u00e8s belle vue sur le Jura et la campagne c\u00f4t\u00e9 N-O \u00e0 l\u2019\u00e9tage.&nbsp;<\/p>\n<h4>&nbsp;<\/h4>\n<h4>IDEES ET CHOIX DIRECTEURS \/ CONCEPT<\/h4>\n<p>L\u2019architecte \u00e9tant propri\u00e9taire de la parcelle d\u00e9j\u00e0 construite c\u00f4t\u00e9 S-E, il a pu accorder une d\u00e9rogation \u00e0 la distance \u00e0 la limite. C\u00f4t\u00e9 N-O, les voisins qui vendaient une partie de leur parcelle ont \u00e9galement accord\u00e9 une d\u00e9rogation moindre (50 cm) afin de rendre possible la construction, tout en demandant d\u2019avoir le couvert \u00e0 voiture de leur c\u00f4t\u00e9 afin qu\u2019il fasse \u00e9galement \u00e9cran visuel.<\/p>\n<p>Dans le cadre contraignant de la modeste taille de la parcelle de forme particuli\u00e8re et de l\u2019optique de la vente d\u2019un bien immobilier de qualit\u00e9, l\u2019architecte a cherch\u00e9 \u00e0 optimiser \u00e0 la fois le volume et l\u2019implantation malgr\u00e9 la faible marge de man\u0153uvre. La volont\u00e9 \u00e9tait \u00e9galement de construire une habitation \u00e9cologique tr\u00e8s bien isol\u00e9e et faisant appel \u00e0 un mat\u00e9riau naturel permettant la pr\u00e9fabrication, \u00e0 savoir le bois, aussi bien pour la structure que pour le rev\u00eatement de fa\u00e7ade, et de garder visibles la poutraison du plancher de l\u2019\u00e9tage et la sous-face des dalles en sapin de la toiture plate.<\/p>\n<p>&nbsp;<\/p>\n<p>Les id\u00e9es directrices et volont\u00e9s \u00e9taient en outre les suivantes&nbsp;:<\/p>\n<ul>\n<li>Optimisation de l\u2019indice d\u2019utilisation heureusement \u00e9lev\u00e9 qui a rendu possible la construction d\u2019une habitation de 83,4 m2 bruts sur 3 niveaux (sous-sol enti\u00e8rement excav\u00e9, rez et \u00e9tage) avec un couvert auto et local de rangement, ainsi qu\u2019un couvert lat\u00e9ral de terrasse dans le prolongement de ce dernier.<\/li>\n<li>Construction d\u2019une habitation d\u2019architecture r\u00e9solument contemporaine, avec des lames en fa\u00e7ade de faible largeur et de couleur fonc\u00e9e afin de conf\u00e9rer \u00e9l\u00e9gance et l\u00e9g\u00e8ret\u00e9 \u00e0 l\u2019ensemble.<\/li>\n<li>Offrir un standing sup\u00e9rieur notamment avec une grande baie vitr\u00e9e coulissante dans les 2 sens et des fen\u00eatres en bois\/m\u00e9tal de dimensions g\u00e9n\u00e9reuses. Il est \u00e0 noter que les chambres \u00e0 l\u2019\u00e9tage disposent de fen\u00eatres avec un contrec\u0153ur faible et une barre m\u00e9tallique de protection en inox.<\/li>\n<li>Cr\u00e9er des espaces ouverts mais diff\u00e9renci\u00e9s au rez, avec une cuisine ouverte de qualit\u00e9 et \u00e9l\u00e9gante, disposant d\u2019un \u00eelot et d\u2019un \u00e9conomat adjacent, ainsi que d\u2019un acc\u00e8s direct \u00e0 une petite terrasse lat\u00e9rale c\u00f4t\u00e9 S-E ombrag\u00e9e par un pommier qui a pu heureusement \u00eatre conserv\u00e9.<\/li>\n<li>Am\u00e9nager une grande terrasse en lames de m\u00e9l\u00e8ze devant la baie vitr\u00e9e se prolongeant sous le couvert lat\u00e9ral. Il est \u00e0 noter que ce couvert est venu se rajouter \u00e0 la construction en cours de chantier et a du m\u00eame coup am\u00e9lior\u00e9 l\u2019\u00e9quilibre des volumes tout en compl\u00e9tant la s\u00e9paration visuelle avec la parcelle des voisins.<\/li>\n<li>Concevoir un escalier en bois\/m\u00e9tal \u00e0 la fois gracieux et \u00ab&nbsp;l\u00e9ger&nbsp;\u00bb, laissant le regard passer entre les marches et conf\u00e9rant ainsi une bonne sensation d\u2019espace depuis l\u2019entr\u00e9e, avec une ouverture lat\u00e9rale sur le salon.<\/li>\n<li>Mettre \u00e0 disposition \u00e0 l\u2019\u00e9tage un hall avec coin bureau et des chambres de bonnes dimensions, dont une avec un espace dressing, ainsi qu\u2019un grand disponible isol\u00e9 au sous-sol pouvant servir d\u2019espace de jeux, d\u2019\u00e9tude ou de repos.<\/li>\n<li>R\u00e9aliser une toiture v\u00e9g\u00e9talis\u00e9e pour les couverts ext\u00e9rieurs allant \u00e9galement dans le sens d\u2019une habitation \u00e9cologique tout en offrant une agr\u00e9able vision depuis les fen\u00eatres N-O \u00e0 l\u2019\u00e9tage.<\/li>\n<li>Equiper la maison d\u2019un syst\u00e8me de chauffage de type pompe \u00e0 chaleur avec sonde g\u00e9othermique et de panneaux photovolta\u00efques dont la surface totale d\u2019env. 40 m2 est nettement sup\u00e9rieure aux exigences cantonales.<\/li>\n<li>Pr\u00e9voir un canal de fum\u00e9e pr\u00eat \u00e0 recevoir un po\u00eale d\u2019agr\u00e9ment et d\u2019appoint \u00e0 bois et une descente d\u2019eau avec un verseur pouvant alimenter un r\u00e9servoir de r\u00e9cup\u00e9ration d\u2019eau de pluie dans le local de rangement ext\u00e9rieur.<\/li>\n<\/ul>\n<!-- index.php -->\n<div\n\tclass=\"ngg-galleryoverview ngg-ajax-pagination-none\"\n\tid=\"ngg-gallery-1a932922b43aeacc3eb29260110b370a-1\">\n\n    \t<div class=\"slideshowlink\">\n        <a href='https:\/\/www.tissot-architecture.ch\/index.php\/nggallery\/slideshow?p=1915'>&#091;diaporama&#093;<\/a>\n\t\t\n\t<\/div>\n\t\t\t<!-- Thumbnails -->\n\t\t\t\t<div id=\"ngg-image-0\" class=\"ngg-gallery-thumbnail-box\" >\n\t\t\t\t        <div class=\"ngg-gallery-thumbnail\">\n            <a href=\"https:\/\/www.tissot-architecture.ch\/wp-content\/gallery\/boschi-cormier\/Ext.-1a.jpg\"\n               title=\"Vue depuis le N-O : l&#039;insertion dans la v\u00e9g\u00e9tation\"\n               data-src=\"https:\/\/www.tissot-architecture.ch\/wp-content\/gallery\/boschi-cormier\/Ext.-1a.jpg\"\n               data-thumbnail=\"https:\/\/www.tissot-architecture.ch\/wp-content\/gallery\/boschi-cormier\/thumbs\/thumbs_Ext.-1a.jpg\"\n               data-image-id=\"853\"\n               data-title=\"Ext. 1a\"\n               data-description=\"Vue depuis le N-O : l&#039;insertion dans la v\u00e9g\u00e9tation\"\n               data-image-slug=\"ext-1a\"\n               class=\"ngg-simplelightbox\" rel=\"1a932922b43aeacc3eb29260110b370a\">\n                <img\n                    title=\"Ext. 1a\"\n                    alt=\"Ext. 1a\"\n                    src=\"https:\/\/www.tissot-architecture.ch\/wp-content\/gallery\/boschi-cormier\/thumbs\/thumbs_Ext.-1a.jpg\"\n                    width=\"150\"\n                    height=\"150\"\n                    style=\"max-width:100%;\"\n                \/>\n            <\/a>\n        <\/div>\n\t\t\t\t\t\t\t<\/div> \n\t\t\t\n        \n\t\t\t\t<div id=\"ngg-image-1\" class=\"ngg-gallery-thumbnail-box\" >\n\t\t\t\t        <div class=\"ngg-gallery-thumbnail\">\n            <a href=\"https:\/\/www.tissot-architecture.ch\/wp-content\/gallery\/boschi-cormier\/Ext.-2a.jpg\"\n               title=\"La barri\u00e8re visuelle avec le couvert\"\n               data-src=\"https:\/\/www.tissot-architecture.ch\/wp-content\/gallery\/boschi-cormier\/Ext.-2a.jpg\"\n               data-thumbnail=\"https:\/\/www.tissot-architecture.ch\/wp-content\/gallery\/boschi-cormier\/thumbs\/thumbs_Ext.-2a.jpg\"\n               data-image-id=\"854\"\n               data-title=\"Ext. 2a\"\n               data-description=\"La barri\u00e8re visuelle avec le couvert\"\n               data-image-slug=\"ext-2a\"\n               class=\"ngg-simplelightbox\" rel=\"1a932922b43aeacc3eb29260110b370a\">\n                <img\n                    title=\"Ext. 2a\"\n                    alt=\"Ext. 2a\"\n                    src=\"https:\/\/www.tissot-architecture.ch\/wp-content\/gallery\/boschi-cormier\/thumbs\/thumbs_Ext.-2a.jpg\"\n                    width=\"150\"\n                    height=\"150\"\n                    style=\"max-width:100%;\"\n                \/>\n            <\/a>\n        <\/div>\n\t\t\t\t\t\t\t<\/div> \n\t\t\t\n        \n\t\t\t\t<div id=\"ngg-image-2\" class=\"ngg-gallery-thumbnail-box\" >\n\t\t\t\t        <div class=\"ngg-gallery-thumbnail\">\n            <a href=\"https:\/\/www.tissot-architecture.ch\/wp-content\/gallery\/boschi-cormier\/Ext.-3a.jpg\"\n               title=\"Vue depuis l&#039;angle Ouest\"\n               data-src=\"https:\/\/www.tissot-architecture.ch\/wp-content\/gallery\/boschi-cormier\/Ext.-3a.jpg\"\n               data-thumbnail=\"https:\/\/www.tissot-architecture.ch\/wp-content\/gallery\/boschi-cormier\/thumbs\/thumbs_Ext.-3a.jpg\"\n               data-image-id=\"855\"\n               data-title=\"Ext. 3a\"\n               data-description=\"Vue depuis l&#039;angle Ouest\"\n               data-image-slug=\"ext-3a\"\n               class=\"ngg-simplelightbox\" rel=\"1a932922b43aeacc3eb29260110b370a\">\n                <img\n                    title=\"Ext. 3a\"\n                    alt=\"Ext. 3a\"\n                    src=\"https:\/\/www.tissot-architecture.ch\/wp-content\/gallery\/boschi-cormier\/thumbs\/thumbs_Ext.-3a.jpg\"\n                    width=\"150\"\n                    height=\"150\"\n                    style=\"max-width:100%;\"\n                \/>\n            <\/a>\n        <\/div>\n\t\t\t\t\t\t\t<\/div> \n\t\t\t\n        \n\t\t\t\t<div id=\"ngg-image-3\" class=\"ngg-gallery-thumbnail-box\" >\n\t\t\t\t        <div class=\"ngg-gallery-thumbnail\">\n            <a href=\"https:\/\/www.tissot-architecture.ch\/wp-content\/gallery\/boschi-cormier\/Ext.-4a.jpg\"\n               title=\"La fa\u00e7ade S-O\"\n               data-src=\"https:\/\/www.tissot-architecture.ch\/wp-content\/gallery\/boschi-cormier\/Ext.-4a.jpg\"\n               data-thumbnail=\"https:\/\/www.tissot-architecture.ch\/wp-content\/gallery\/boschi-cormier\/thumbs\/thumbs_Ext.-4a.jpg\"\n               data-image-id=\"856\"\n               data-title=\"Ext. 4a\"\n               data-description=\"La fa\u00e7ade S-O\"\n               data-image-slug=\"ext-4a\"\n               class=\"ngg-simplelightbox\" rel=\"1a932922b43aeacc3eb29260110b370a\">\n                <img\n                    title=\"Ext. 4a\"\n                    alt=\"Ext. 4a\"\n                    src=\"https:\/\/www.tissot-architecture.ch\/wp-content\/gallery\/boschi-cormier\/thumbs\/thumbs_Ext.-4a.jpg\"\n                    width=\"150\"\n                    height=\"150\"\n                    style=\"max-width:100%;\"\n                \/>\n            <\/a>\n        <\/div>\n\t\t\t\t\t\t\t<\/div> \n\t\t\t\n        \n\t\t\t\t<div id=\"ngg-image-4\" class=\"ngg-gallery-thumbnail-box\" >\n\t\t\t\t        <div class=\"ngg-gallery-thumbnail\">\n            <a href=\"https:\/\/www.tissot-architecture.ch\/wp-content\/gallery\/boschi-cormier\/Ext.-5.jpg\"\n               title=\"La terrasse et son couvert lat\u00e9ral\"\n               data-src=\"https:\/\/www.tissot-architecture.ch\/wp-content\/gallery\/boschi-cormier\/Ext.-5.jpg\"\n               data-thumbnail=\"https:\/\/www.tissot-architecture.ch\/wp-content\/gallery\/boschi-cormier\/thumbs\/thumbs_Ext.-5.jpg\"\n               data-image-id=\"857\"\n               data-title=\"Ext. 5\"\n               data-description=\"La terrasse et son couvert lat\u00e9ral\"\n               data-image-slug=\"ext-5-1\"\n               class=\"ngg-simplelightbox\" rel=\"1a932922b43aeacc3eb29260110b370a\">\n                <img\n                    title=\"Ext. 5\"\n                    alt=\"Ext. 5\"\n                    src=\"https:\/\/www.tissot-architecture.ch\/wp-content\/gallery\/boschi-cormier\/thumbs\/thumbs_Ext.-5.jpg\"\n                    width=\"150\"\n                    height=\"150\"\n                    style=\"max-width:100%;\"\n                \/>\n            <\/a>\n        <\/div>\n\t\t\t\t\t\t\t<\/div> \n\t\t\t\n        \n\t\t\t\t<div id=\"ngg-image-5\" class=\"ngg-gallery-thumbnail-box\" >\n\t\t\t\t        <div class=\"ngg-gallery-thumbnail\">\n            <a href=\"https:\/\/www.tissot-architecture.ch\/wp-content\/gallery\/boschi-cormier\/Ext.-5a.jpg\"\n               title=\"Vue depuis le Sud\"\n               data-src=\"https:\/\/www.tissot-architecture.ch\/wp-content\/gallery\/boschi-cormier\/Ext.-5a.jpg\"\n               data-thumbnail=\"https:\/\/www.tissot-architecture.ch\/wp-content\/gallery\/boschi-cormier\/thumbs\/thumbs_Ext.-5a.jpg\"\n               data-image-id=\"858\"\n               data-title=\"Ext. 5a\"\n               data-description=\"Vue depuis le Sud\"\n               data-image-slug=\"ext-5a\"\n               class=\"ngg-simplelightbox\" rel=\"1a932922b43aeacc3eb29260110b370a\">\n                <img\n                    title=\"Ext. 5a\"\n                    alt=\"Ext. 5a\"\n                    src=\"https:\/\/www.tissot-architecture.ch\/wp-content\/gallery\/boschi-cormier\/thumbs\/thumbs_Ext.-5a.jpg\"\n                    width=\"150\"\n                    height=\"150\"\n                    style=\"max-width:100%;\"\n                \/>\n            <\/a>\n        <\/div>\n\t\t\t\t\t\t\t<\/div> \n\t\t\t\n        \n\t\t\t\t<div id=\"ngg-image-6\" class=\"ngg-gallery-thumbnail-box\" >\n\t\t\t\t        <div class=\"ngg-gallery-thumbnail\">\n            <a href=\"https:\/\/www.tissot-architecture.ch\/wp-content\/gallery\/boschi-cormier\/Ext.-6a.jpg\"\n               title=\"La petite terrasse lat\u00e9rale et son pommier\"\n               data-src=\"https:\/\/www.tissot-architecture.ch\/wp-content\/gallery\/boschi-cormier\/Ext.-6a.jpg\"\n               data-thumbnail=\"https:\/\/www.tissot-architecture.ch\/wp-content\/gallery\/boschi-cormier\/thumbs\/thumbs_Ext.-6a.jpg\"\n               data-image-id=\"859\"\n               data-title=\"Ext. 6a\"\n               data-description=\"La petite terrasse lat\u00e9rale et son pommier\"\n               data-image-slug=\"ext-6a\"\n               class=\"ngg-simplelightbox\" rel=\"1a932922b43aeacc3eb29260110b370a\">\n                <img\n                    title=\"Ext. 6a\"\n                    alt=\"Ext. 6a\"\n                    src=\"https:\/\/www.tissot-architecture.ch\/wp-content\/gallery\/boschi-cormier\/thumbs\/thumbs_Ext.-6a.jpg\"\n                    width=\"150\"\n                    height=\"150\"\n                    style=\"max-width:100%;\"\n                \/>\n            <\/a>\n        <\/div>\n\t\t\t\t\t\t\t<\/div> \n\t\t\t\n        \n\t\t\t\t<div id=\"ngg-image-7\" class=\"ngg-gallery-thumbnail-box\" >\n\t\t\t\t        <div class=\"ngg-gallery-thumbnail\">\n            <a href=\"https:\/\/www.tissot-architecture.ch\/wp-content\/gallery\/boschi-cormier\/Ext.-7a.jpg\"\n               title=\"Vue depuis l&#039;Est\"\n               data-src=\"https:\/\/www.tissot-architecture.ch\/wp-content\/gallery\/boschi-cormier\/Ext.-7a.jpg\"\n               data-thumbnail=\"https:\/\/www.tissot-architecture.ch\/wp-content\/gallery\/boschi-cormier\/thumbs\/thumbs_Ext.-7a.jpg\"\n               data-image-id=\"860\"\n               data-title=\"Ext. 7a\"\n               data-description=\"Vue depuis l&#039;Est\"\n               data-image-slug=\"ext-7a\"\n               class=\"ngg-simplelightbox\" rel=\"1a932922b43aeacc3eb29260110b370a\">\n                <img\n                    title=\"Ext. 7a\"\n                    alt=\"Ext. 7a\"\n                    src=\"https:\/\/www.tissot-architecture.ch\/wp-content\/gallery\/boschi-cormier\/thumbs\/thumbs_Ext.-7a.jpg\"\n                    width=\"150\"\n                    height=\"150\"\n                    style=\"max-width:100%;\"\n                \/>\n            <\/a>\n        <\/div>\n\t\t\t\t\t\t\t<\/div> \n\t\t\t\n        \n\t\t\t\t<div id=\"ngg-image-8\" class=\"ngg-gallery-thumbnail-box\" >\n\t\t\t\t        <div class=\"ngg-gallery-thumbnail\">\n            <a href=\"https:\/\/www.tissot-architecture.ch\/wp-content\/gallery\/boschi-cormier\/Ext.-8a.jpg\"\n               title=\"La fa\u00e7ade d&#039;entr\u00e9e et le couvert auto\"\n               data-src=\"https:\/\/www.tissot-architecture.ch\/wp-content\/gallery\/boschi-cormier\/Ext.-8a.jpg\"\n               data-thumbnail=\"https:\/\/www.tissot-architecture.ch\/wp-content\/gallery\/boschi-cormier\/thumbs\/thumbs_Ext.-8a.jpg\"\n               data-image-id=\"861\"\n               data-title=\"Ext. 8a\"\n               data-description=\"La fa\u00e7ade d&#039;entr\u00e9e et le couvert auto\"\n               data-image-slug=\"ext-8a\"\n               class=\"ngg-simplelightbox\" rel=\"1a932922b43aeacc3eb29260110b370a\">\n                <img\n                    title=\"Ext. 8a\"\n                    alt=\"Ext. 8a\"\n                    src=\"https:\/\/www.tissot-architecture.ch\/wp-content\/gallery\/boschi-cormier\/thumbs\/thumbs_Ext.-8a.jpg\"\n                    width=\"150\"\n                    height=\"150\"\n                    style=\"max-width:100%;\"\n                \/>\n            <\/a>\n        <\/div>\n\t\t\t\t\t\t\t<\/div> \n\t\t\t\n        \n\t\t\t\t<div id=\"ngg-image-9\" class=\"ngg-gallery-thumbnail-box\" >\n\t\t\t\t        <div class=\"ngg-gallery-thumbnail\">\n            <a href=\"https:\/\/www.tissot-architecture.ch\/wp-content\/gallery\/boschi-cormier\/Int.-30.jpg\"\n               title=\"Le salon\"\n               data-src=\"https:\/\/www.tissot-architecture.ch\/wp-content\/gallery\/boschi-cormier\/Int.-30.jpg\"\n               data-thumbnail=\"https:\/\/www.tissot-architecture.ch\/wp-content\/gallery\/boschi-cormier\/thumbs\/thumbs_Int.-30.jpg\"\n               data-image-id=\"862\"\n               data-title=\"Int. 30\"\n               data-description=\"Le salon\"\n               data-image-slug=\"int-30\"\n               class=\"ngg-simplelightbox\" rel=\"1a932922b43aeacc3eb29260110b370a\">\n                <img\n                    title=\"Int. 30\"\n                    alt=\"Int. 30\"\n                    src=\"https:\/\/www.tissot-architecture.ch\/wp-content\/gallery\/boschi-cormier\/thumbs\/thumbs_Int.-30.jpg\"\n                    width=\"150\"\n                    height=\"150\"\n                    style=\"max-width:100%;\"\n                \/>\n            <\/a>\n        <\/div>\n\t\t\t\t\t\t\t<\/div> \n\t\t\t\n        \n\t\t\t\t<div id=\"ngg-image-10\" class=\"ngg-gallery-thumbnail-box\" >\n\t\t\t\t        <div class=\"ngg-gallery-thumbnail\">\n            <a href=\"https:\/\/www.tissot-architecture.ch\/wp-content\/gallery\/boschi-cormier\/Int.-31.jpg\"\n               title=\"Le coin \u00e0 manger et s\u00e9jour\"\n               data-src=\"https:\/\/www.tissot-architecture.ch\/wp-content\/gallery\/boschi-cormier\/Int.-31.jpg\"\n               data-thumbnail=\"https:\/\/www.tissot-architecture.ch\/wp-content\/gallery\/boschi-cormier\/thumbs\/thumbs_Int.-31.jpg\"\n               data-image-id=\"863\"\n               data-title=\"Int. 31\"\n               data-description=\"Le coin \u00e0 manger et s\u00e9jour\"\n               data-image-slug=\"int-31\"\n               class=\"ngg-simplelightbox\" rel=\"1a932922b43aeacc3eb29260110b370a\">\n                <img\n                    title=\"Int. 31\"\n                    alt=\"Int. 31\"\n                    src=\"https:\/\/www.tissot-architecture.ch\/wp-content\/gallery\/boschi-cormier\/thumbs\/thumbs_Int.-31.jpg\"\n                    width=\"150\"\n                    height=\"150\"\n                    style=\"max-width:100%;\"\n                \/>\n            <\/a>\n        <\/div>\n\t\t\t\t\t\t\t<\/div> \n\t\t\t\n        \n\t\t\t\t<div id=\"ngg-image-11\" class=\"ngg-gallery-thumbnail-box\" >\n\t\t\t\t        <div class=\"ngg-gallery-thumbnail\">\n            <a href=\"https:\/\/www.tissot-architecture.ch\/wp-content\/gallery\/boschi-cormier\/Int.-33.jpg\"\n               title=\"Vue depuis la table \u00e0 manger\"\n               data-src=\"https:\/\/www.tissot-architecture.ch\/wp-content\/gallery\/boschi-cormier\/Int.-33.jpg\"\n               data-thumbnail=\"https:\/\/www.tissot-architecture.ch\/wp-content\/gallery\/boschi-cormier\/thumbs\/thumbs_Int.-33.jpg\"\n               data-image-id=\"864\"\n               data-title=\"Int. 33\"\n               data-description=\"Vue depuis la table \u00e0 manger\"\n               data-image-slug=\"int-33\"\n               class=\"ngg-simplelightbox\" rel=\"1a932922b43aeacc3eb29260110b370a\">\n                <img\n                    title=\"Int. 33\"\n                    alt=\"Int. 33\"\n                    src=\"https:\/\/www.tissot-architecture.ch\/wp-content\/gallery\/boschi-cormier\/thumbs\/thumbs_Int.-33.jpg\"\n                    width=\"150\"\n                    height=\"150\"\n                    style=\"max-width:100%;\"\n                \/>\n            <\/a>\n        <\/div>\n\t\t\t\t\t\t\t<\/div> \n\t\t\t\n        \n\t\t\t\t<div id=\"ngg-image-12\" class=\"ngg-gallery-thumbnail-box\" >\n\t\t\t\t        <div class=\"ngg-gallery-thumbnail\">\n            <a href=\"https:\/\/www.tissot-architecture.ch\/wp-content\/gallery\/boschi-cormier\/Int.-34.jpg\"\n               title=\"La cuisine et la porte-fen\u00eatre lat\u00e9rale\"\n               data-src=\"https:\/\/www.tissot-architecture.ch\/wp-content\/gallery\/boschi-cormier\/Int.-34.jpg\"\n               data-thumbnail=\"https:\/\/www.tissot-architecture.ch\/wp-content\/gallery\/boschi-cormier\/thumbs\/thumbs_Int.-34.jpg\"\n               data-image-id=\"865\"\n               data-title=\"Int. 34\"\n               data-description=\"La cuisine et la porte-fen\u00eatre lat\u00e9rale\"\n               data-image-slug=\"int-34\"\n               class=\"ngg-simplelightbox\" rel=\"1a932922b43aeacc3eb29260110b370a\">\n                <img\n                    title=\"Int. 34\"\n                    alt=\"Int. 34\"\n                    src=\"https:\/\/www.tissot-architecture.ch\/wp-content\/gallery\/boschi-cormier\/thumbs\/thumbs_Int.-34.jpg\"\n                    width=\"150\"\n                    height=\"150\"\n                    style=\"max-width:100%;\"\n                \/>\n            <\/a>\n        <\/div>\n\t\t\t\t\t\t\t<\/div> \n\t\t\t\n        \n\t\t\t\t<div id=\"ngg-image-13\" class=\"ngg-gallery-thumbnail-box\" >\n\t\t\t\t        <div class=\"ngg-gallery-thumbnail\">\n            <a href=\"https:\/\/www.tissot-architecture.ch\/wp-content\/gallery\/boschi-cormier\/Int.-36.jpg\"\n               title=\"L&#039;escalier bois\/ m\u00e9tal et l&#039;entr\u00e9e\"\n               data-src=\"https:\/\/www.tissot-architecture.ch\/wp-content\/gallery\/boschi-cormier\/Int.-36.jpg\"\n               data-thumbnail=\"https:\/\/www.tissot-architecture.ch\/wp-content\/gallery\/boschi-cormier\/thumbs\/thumbs_Int.-36.jpg\"\n               data-image-id=\"866\"\n               data-title=\"Int. 36\"\n               data-description=\"L&#039;escalier bois\/ m\u00e9tal et l&#039;entr\u00e9e\"\n               data-image-slug=\"int-36\"\n               class=\"ngg-simplelightbox\" rel=\"1a932922b43aeacc3eb29260110b370a\">\n                <img\n                    title=\"Int. 36\"\n                    alt=\"Int. 36\"\n                    src=\"https:\/\/www.tissot-architecture.ch\/wp-content\/gallery\/boschi-cormier\/thumbs\/thumbs_Int.-36.jpg\"\n                    width=\"150\"\n                    height=\"150\"\n                    style=\"max-width:100%;\"\n                \/>\n            <\/a>\n        <\/div>\n\t\t\t\t\t\t\t<\/div> \n\t\t\t\n        \n\t\t\t\t<div id=\"ngg-image-14\" class=\"ngg-gallery-thumbnail-box\" >\n\t\t\t\t        <div class=\"ngg-gallery-thumbnail\">\n            <a href=\"https:\/\/www.tissot-architecture.ch\/wp-content\/gallery\/boschi-cormier\/Int.-37.jpg\"\n               title=\"Le hall \u00e0 l&#039;\u00e9tage\"\n               data-src=\"https:\/\/www.tissot-architecture.ch\/wp-content\/gallery\/boschi-cormier\/Int.-37.jpg\"\n               data-thumbnail=\"https:\/\/www.tissot-architecture.ch\/wp-content\/gallery\/boschi-cormier\/thumbs\/thumbs_Int.-37.jpg\"\n               data-image-id=\"867\"\n               data-title=\"Int. 37\"\n               data-description=\"Le hall \u00e0 l&#039;\u00e9tage\"\n               data-image-slug=\"int-37\"\n               class=\"ngg-simplelightbox\" rel=\"1a932922b43aeacc3eb29260110b370a\">\n                <img\n                    title=\"Int. 37\"\n                    alt=\"Int. 37\"\n                    src=\"https:\/\/www.tissot-architecture.ch\/wp-content\/gallery\/boschi-cormier\/thumbs\/thumbs_Int.-37.jpg\"\n                    width=\"150\"\n                    height=\"150\"\n                    style=\"max-width:100%;\"\n                \/>\n            <\/a>\n        <\/div>\n\t\t\t\t\t\t\t<\/div> \n\t\t\t\n        \n\t\t\t\t<div id=\"ngg-image-15\" class=\"ngg-gallery-thumbnail-box\" >\n\t\t\t\t        <div class=\"ngg-gallery-thumbnail\">\n            <a href=\"https:\/\/www.tissot-architecture.ch\/wp-content\/gallery\/boschi-cormier\/Int.-38.jpg\"\n               title=\"La vue depuis le hall \u00e0 l&#039;\u00e9tage\"\n               data-src=\"https:\/\/www.tissot-architecture.ch\/wp-content\/gallery\/boschi-cormier\/Int.-38.jpg\"\n               data-thumbnail=\"https:\/\/www.tissot-architecture.ch\/wp-content\/gallery\/boschi-cormier\/thumbs\/thumbs_Int.-38.jpg\"\n               data-image-id=\"868\"\n               data-title=\"Int. 38\"\n               data-description=\"La vue depuis le hall \u00e0 l&#039;\u00e9tage\"\n               data-image-slug=\"int-38\"\n               class=\"ngg-simplelightbox\" rel=\"1a932922b43aeacc3eb29260110b370a\">\n                <img\n                    title=\"Int. 38\"\n                    alt=\"Int. 38\"\n                    src=\"https:\/\/www.tissot-architecture.ch\/wp-content\/gallery\/boschi-cormier\/thumbs\/thumbs_Int.-38.jpg\"\n                    width=\"150\"\n                    height=\"150\"\n                    style=\"max-width:100%;\"\n                \/>\n            <\/a>\n        <\/div>\n\t\t\t\t\t\t\t<\/div> \n\t\t\t\n        \n\t\t\t\t<div id=\"ngg-image-16\" class=\"ngg-gallery-thumbnail-box\" >\n\t\t\t\t        <div class=\"ngg-gallery-thumbnail\">\n            <a href=\"https:\/\/www.tissot-architecture.ch\/wp-content\/gallery\/boschi-cormier\/Prosp.-arez.jpg\"\n               title=\"Le plan du rez\"\n               data-src=\"https:\/\/www.tissot-architecture.ch\/wp-content\/gallery\/boschi-cormier\/Prosp.-arez.jpg\"\n               data-thumbnail=\"https:\/\/www.tissot-architecture.ch\/wp-content\/gallery\/boschi-cormier\/thumbs\/thumbs_Prosp.-arez.jpg\"\n               data-image-id=\"869\"\n               data-title=\"Prosp. arez\"\n               data-description=\"Le plan du rez\"\n               data-image-slug=\"prosp-arez-1\"\n               class=\"ngg-simplelightbox\" rel=\"1a932922b43aeacc3eb29260110b370a\">\n                <img\n                    title=\"Prosp. arez\"\n                    alt=\"Prosp. arez\"\n                    src=\"https:\/\/www.tissot-architecture.ch\/wp-content\/gallery\/boschi-cormier\/thumbs\/thumbs_Prosp.-arez.jpg\"\n                    width=\"150\"\n                    height=\"150\"\n                    style=\"max-width:100%;\"\n                \/>\n            <\/a>\n        <\/div>\n\t\t\t\t\t\t\t<\/div> \n\t\t\t\n        \n\t\t\t\t<div id=\"ngg-image-17\" class=\"ngg-gallery-thumbnail-box\" >\n\t\t\t\t        <div class=\"ngg-gallery-thumbnail\">\n            <a href=\"https:\/\/www.tissot-architecture.ch\/wp-content\/gallery\/boschi-cormier\/Prosp.-b1er.jpg\"\n               title=\"Le plan de l&#039;\u00e9tage\"\n               data-src=\"https:\/\/www.tissot-architecture.ch\/wp-content\/gallery\/boschi-cormier\/Prosp.-b1er.jpg\"\n               data-thumbnail=\"https:\/\/www.tissot-architecture.ch\/wp-content\/gallery\/boschi-cormier\/thumbs\/thumbs_Prosp.-b1er.jpg\"\n               data-image-id=\"870\"\n               data-title=\"Prosp. b1er\"\n               data-description=\"Le plan de l&#039;\u00e9tage\"\n               data-image-slug=\"prosp-b1er-1\"\n               class=\"ngg-simplelightbox\" rel=\"1a932922b43aeacc3eb29260110b370a\">\n                <img\n                    title=\"Prosp. b1er\"\n                    alt=\"Prosp. b1er\"\n                    src=\"https:\/\/www.tissot-architecture.ch\/wp-content\/gallery\/boschi-cormier\/thumbs\/thumbs_Prosp.-b1er.jpg\"\n                    width=\"150\"\n                    height=\"150\"\n                    style=\"max-width:100%;\"\n                \/>\n            <\/a>\n        <\/div>\n\t\t\t\t\t\t\t<\/div> \n\t\t\t\n        \n\t\t\t\t<div id=\"ngg-image-18\" class=\"ngg-gallery-thumbnail-box\" >\n\t\t\t\t        <div class=\"ngg-gallery-thumbnail\">\n            <a href=\"https:\/\/www.tissot-architecture.ch\/wp-content\/gallery\/boschi-cormier\/Prosp.-coupe-1.jpg\"\n               title=\"La coupe A-A\"\n               data-src=\"https:\/\/www.tissot-architecture.ch\/wp-content\/gallery\/boschi-cormier\/Prosp.-coupe-1.jpg\"\n               data-thumbnail=\"https:\/\/www.tissot-architecture.ch\/wp-content\/gallery\/boschi-cormier\/thumbs\/thumbs_Prosp.-coupe-1.jpg\"\n               data-image-id=\"872\"\n               data-title=\"Prosp. coupe\"\n               data-description=\"La coupe A-A\"\n               data-image-slug=\"prosp-coupe-1\"\n               class=\"ngg-simplelightbox\" rel=\"1a932922b43aeacc3eb29260110b370a\">\n                <img\n                    title=\"Prosp. coupe\"\n                    alt=\"Prosp. coupe\"\n                    src=\"https:\/\/www.tissot-architecture.ch\/wp-content\/gallery\/boschi-cormier\/thumbs\/thumbs_Prosp.-coupe-1.jpg\"\n                    width=\"150\"\n                    height=\"150\"\n                    style=\"max-width:100%;\"\n                \/>\n            <\/a>\n        <\/div>\n\t\t\t\t\t\t\t<\/div> \n\t\t\t\n        \n\t\t\n\t\t<div class=\"ngg-clear\"><\/div>\n\t<\/div>\n\n<p>&nbsp;<\/p>\n","protected":false},"excerpt":{"rendered":"<p>SITUATION Cette villa familiale individuelle en ossature bois et rev\u00eatement en lames en sapin vernies brun-noir se trouve sur une petite parcelle cr\u00e9e \u00e0 cheval sur 2 parcelles existantes et situ\u00e9e \u00e0 Cousset dans un quartier de villa bordant la route communale menant \u00e0 Corcelles-pr\u00e8s-Payerne. Malgr\u00e9 l\u2019exigu\u00eft\u00e9 du lieu, les nouveaux propri\u00e9taires b\u00e9n\u00e9ficient d\u2019un ensoleillement [&hellip;]<\/p>\n","protected":false},"author":2,"featured_media":0,"comment_status":"closed","ping_status":"closed","sticky":false,"template":"","format":"standard","meta":{"ngg_post_thumbnail":0,"footnotes":""},"categories":[3,7],"tags":[],"_links":{"self":[{"href":"https:\/\/www.tissot-architecture.ch\/index.php?rest_route=\/wp\/v2\/posts\/1915"}],"collection":[{"href":"https:\/\/www.tissot-architecture.ch\/index.php?rest_route=\/wp\/v2\/posts"}],"about":[{"href":"https:\/\/www.tissot-architecture.ch\/index.php?rest_route=\/wp\/v2\/types\/post"}],"author":[{"embeddable":true,"href":"https:\/\/www.tissot-architecture.ch\/index.php?rest_route=\/wp\/v2\/users\/2"}],"replies":[{"embeddable":true,"href":"https:\/\/www.tissot-architecture.ch\/index.php?rest_route=%2Fwp%2Fv2%2Fcomments&post=1915"}],"version-history":[{"count":4,"href":"https:\/\/www.tissot-architecture.ch\/index.php?rest_route=\/wp\/v2\/posts\/1915\/revisions"}],"predecessor-version":[{"id":1960,"href":"https:\/\/www.tissot-architecture.ch\/index.php?rest_route=\/wp\/v2\/posts\/1915\/revisions\/1960"}],"wp:attachment":[{"href":"https:\/\/www.tissot-architecture.ch\/index.php?rest_route=%2Fwp%2Fv2%2Fmedia&parent=1915"}],"wp:term":[{"taxonomy":"category","embeddable":true,"href":"https:\/\/www.tissot-architecture.ch\/index.php?rest_route=%2Fwp%2Fv2%2Fcategories&post=1915"},{"taxonomy":"post_tag","embeddable":true,"href":"https:\/\/www.tissot-architecture.ch\/index.php?rest_route=%2Fwp%2Fv2%2Ftags&post=1915"}],"curies":[{"name":"wp","href":"https:\/\/api.w.org\/{rel}","templated":true}]}}